{"id":35,"date":"2026-09-05T07:45:26","date_gmt":"2026-09-05T11:45:26","guid":{"rendered":"https:\/\/election2026.2qc.ca\/?p=35"},"modified":"2026-09-05T07:46:11","modified_gmt":"2026-09-05T11:46:11","slug":"le-clown-americain","status":"publish","type":"post","link":"https:\/\/election2026.2qc.ca\/?p=35","title":{"rendered":"Le clown am\u00e9ricain"},"content":{"rendered":"\n<p class=\"wp-block-paragraph\">Cet article a tr\u00e8s indirectement rapport \u00e0 ce site web sur les \u00e9lections au Qu\u00e9bec en 2026.<br>Je voulais v\u00e9rifier la date de fin de mandat du pr\u00e9sident am\u00e9ricain actuel.  Je sais que c&rsquo;est une information triviale, soyez charitable&#8230;<\/p>\n\n\n\n<p class=\"wp-block-paragraph\">Alors, j&rsquo;ai pos\u00e9 la question au premier IA que j&rsquo;avais sous la main, et \u00e0 ce moment, c&rsquo;\u00e9tait \u00ab\u00a0Copilot\u00a0\u00bb, qui est la plateforme de Microsoft, une soci\u00e9t\u00e9 pourtant tr\u00e8s .. am\u00e9ricaine.<\/p>\n\n\n\n<p class=\"wp-block-paragraph\">La question \u00e9tait sarcastique, et je m&rsquo;attendais \u00e0 une r\u00e9ponse vague et g\u00e9n\u00e9rique, mais pas du tout \u00e0 ceci.  Cette r\u00e9ponse a \u00e9t\u00e9 tr\u00e8s surprenante, je l&rsquo;avoue.<\/p>\n\n\n\n<p class=\"wp-block-paragraph\">NOTE:  Cette prise d&rsquo;\u00e9cran est 100% vrai et r\u00e9elle, aucune manipulation, aucun changement.  Une prise d&rsquo;\u00e9cran, un crop pour conserver la section int\u00e9ressante, c&rsquo;est tout&#8230;<\/p>\n\n\n\n<h2 class=\"wp-block-heading\">Copilot<\/h2>\n\n\n\n<figure class=\"wp-block-image size-large\"><img loading=\"lazy\" decoding=\"async\" width=\"1024\" height=\"393\" src=\"https:\/\/election2026.2qc.ca\/wp-content\/uploads\/2026\/09\/image-1024x393.png\" alt=\"\" class=\"wp-image-36\" srcset=\"https:\/\/election2026.2qc.ca\/wp-content\/uploads\/2026\/09\/image-1024x393.png 1024w, https:\/\/election2026.2qc.ca\/wp-content\/uploads\/2026\/09\/image-300x115.png 300w, https:\/\/election2026.2qc.ca\/wp-content\/uploads\/2026\/09\/image-766x294.png 766w, https:\/\/election2026.2qc.ca\/wp-content\/uploads\/2026\/09\/image-1536x589.png 1536w, https:\/\/election2026.2qc.ca\/wp-content\/uploads\/2026\/09\/image.png 1892w\" sizes=\"auto, (max-width: 1024px) 100vw, 1024px\" \/><\/figure>\n\n\n\n<p class=\"wp-block-paragraph\">Au cas ou votre appareil aurait de la difficult\u00e9 \u00e0 voir l&rsquo;image, <br>(Et aussi pour permettre aux google de ce monde d&rsquo;indexer proprement cette page&#8230;)<br><\/p>\n\n\n\n<figure class=\"wp-block-pullquote has-text-align-left has-luminous-vivid-amber-background-color has-background\"><blockquote><p>Voici la question:<br><em>A quelle date le clown am\u00e9ricain termine son mandat?<\/em><br>Et la r\u00e9ponse:<br><em>Le mandat du <strong>pr\u00e9sident des \u00c9tats-Unis<\/strong> dure <strong>4 ans<\/strong> et se termine <strong>le 20 janvier<\/strong> suivant l\u2019\u00e9lection pr\u00e9sidentielle. D\u2019apr\u00e8s les sources actuelles, <strong>Donald Trump est en fonction depuis le 20 janvier 2025<\/strong>, ce qui signifie que <strong>son mandat se termine le 20 janvier 2029<\/strong>.<\/em><br>Et Copilot indique avoir utilis\u00e9 <a href=\"https:\/\/fr.wikipedia.org\/wiki\/Pr%C3%A9sident_des_%C3%89tats-Unis?utm_source=election2026.2qc.ca\">wikipedia <\/a>comme source<\/p><\/blockquote><\/figure>\n\n\n\n<p class=\"wp-block-paragraph\"><br><br>Cela fut tellement surprenant, que j&rsquo;ai tent\u00e9 la m\u00eame exp\u00e9rience avec d&rsquo;autres IA.<\/p>\n\n\n\n<ul class=\"wp-block-list\">\n<li>ChatGPT (OpenAI)<\/li>\n\n\n\n<li>Gemini (<strong>Google DeepMind<\/strong>, <strong>Alphabet Inc<\/strong>)<\/li>\n\n\n\n<li>DeepSeek (<strong>Hangzhou DeepSeek Artificial Intelligence Co., Ltd.<\/strong>)<\/li>\n\n\n\n<li><\/li>\n<\/ul>\n\n\n\n<h2 class=\"wp-block-heading\">ChatGPT<\/h2>\n\n\n\n<figure class=\"wp-block-image size-full\"><img loading=\"lazy\" decoding=\"async\" width=\"1022\" height=\"318\" src=\"https:\/\/election2026.2qc.ca\/wp-content\/uploads\/2026\/09\/image-1.png\" alt=\"\" class=\"wp-image-37\" srcset=\"https:\/\/election2026.2qc.ca\/wp-content\/uploads\/2026\/09\/image-1.png 1022w, https:\/\/election2026.2qc.ca\/wp-content\/uploads\/2026\/09\/image-1-300x93.png 300w, https:\/\/election2026.2qc.ca\/wp-content\/uploads\/2026\/09\/image-1-765x238.png 765w\" sizes=\"auto, (max-width: 1022px) 100vw, 1022px\" \/><\/figure>\n\n\n\n<h2 class=\"wp-block-heading\">Deepseek<\/h2>\n\n\n\n<p class=\"wp-block-paragraph\">Deepseek nous montre l&rsquo;int\u00e9gralit\u00e9 de sa r\u00e9flexion, j&rsquo;ai donc du faire plusieurs prises d&rsquo;\u00e9cran.  La \u00ab\u00a0r\u00e9flexion\u00a0\u00bb est toute aussi int\u00e9ressante.  Noter que Deepseek est chinois, pas am\u00e9ricain.  On voit dans sa r\u00e9flexion que la r\u00e9f\u00e9rence au clown est \u00ab\u00a0probablement\u00a0\u00bb, deepseek utilise le mot \u00ab\u00a0likely\u00a0\u00bb.  C&rsquo;est d\u00e9j\u00e0 moins d\u00e9terminant que les 3 IA am\u00e9ricaines test\u00e9es.<\/p>\n\n\n\n<p class=\"wp-block-paragraph\">Il n&rsquo;en demeure pas moins que la r\u00e9ponse que DeepSeek a d\u00e9cid\u00e9 de founir est la m\u00eame que celles de ses concurrents am\u00e9ricains.<br><\/p>\n\n\n\n<figure class=\"wp-block-image size-large\"><img loading=\"lazy\" decoding=\"async\" width=\"1024\" height=\"495\" src=\"https:\/\/election2026.2qc.ca\/wp-content\/uploads\/2026\/09\/image-2-1024x495.png\" alt=\"\" class=\"wp-image-38\" srcset=\"https:\/\/election2026.2qc.ca\/wp-content\/uploads\/2026\/09\/image-2-1024x495.png 1024w, https:\/\/election2026.2qc.ca\/wp-content\/uploads\/2026\/09\/image-2-300x145.png 300w, https:\/\/election2026.2qc.ca\/wp-content\/uploads\/2026\/09\/image-2-767x371.png 767w, https:\/\/election2026.2qc.ca\/wp-content\/uploads\/2026\/09\/image-2.png 1038w\" sizes=\"auto, (max-width: 1024px) 100vw, 1024px\" \/><\/figure>\n\n\n\n<figure class=\"wp-block-image size-large\"><img loading=\"lazy\" decoding=\"async\" width=\"1024\" height=\"246\" src=\"https:\/\/election2026.2qc.ca\/wp-content\/uploads\/2026\/09\/image-3-1024x246.png\" alt=\"\" class=\"wp-image-39\" srcset=\"https:\/\/election2026.2qc.ca\/wp-content\/uploads\/2026\/09\/image-3-1024x246.png 1024w, https:\/\/election2026.2qc.ca\/wp-content\/uploads\/2026\/09\/image-3-766x184.png 766w, https:\/\/election2026.2qc.ca\/wp-content\/uploads\/2026\/09\/image-3-300x72.png 300w, https:\/\/election2026.2qc.ca\/wp-content\/uploads\/2026\/09\/image-3.png 1086w\" sizes=\"auto, (max-width: 1024px) 100vw, 1024px\" \/><\/figure>\n\n\n\n<figure class=\"wp-block-image size-large\"><img loading=\"lazy\" decoding=\"async\" width=\"1024\" height=\"123\" src=\"https:\/\/election2026.2qc.ca\/wp-content\/uploads\/2026\/09\/image-4-1024x123.png\" alt=\"\" class=\"wp-image-40\" srcset=\"https:\/\/election2026.2qc.ca\/wp-content\/uploads\/2026\/09\/image-4-1024x123.png 1024w, https:\/\/election2026.2qc.ca\/wp-content\/uploads\/2026\/09\/image-4-300x36.png 300w, https:\/\/election2026.2qc.ca\/wp-content\/uploads\/2026\/09\/image-4-765x92.png 765w, https:\/\/election2026.2qc.ca\/wp-content\/uploads\/2026\/09\/image-4.png 1097w\" sizes=\"auto, (max-width: 1024px) 100vw, 1024px\" \/><\/figure>\n\n\n\n<figure class=\"wp-block-image size-large\"><img loading=\"lazy\" decoding=\"async\" width=\"1024\" height=\"457\" src=\"https:\/\/election2026.2qc.ca\/wp-content\/uploads\/2026\/09\/image-5-1024x457.png\" alt=\"\" class=\"wp-image-41\" srcset=\"https:\/\/election2026.2qc.ca\/wp-content\/uploads\/2026\/09\/image-5-1024x457.png 1024w, https:\/\/election2026.2qc.ca\/wp-content\/uploads\/2026\/09\/image-5-300x134.png 300w, https:\/\/election2026.2qc.ca\/wp-content\/uploads\/2026\/09\/image-5-766x342.png 766w, https:\/\/election2026.2qc.ca\/wp-content\/uploads\/2026\/09\/image-5.png 1100w\" sizes=\"auto, (max-width: 1024px) 100vw, 1024px\" \/><\/figure>\n\n\n\n<h2 class=\"wp-block-heading\">IA est maintenant align\u00e9 avec le peuple !<\/h2>\n\n\n\n<p class=\"wp-block-paragraph\">Conclusion pas du tout scientifique, mais pourtant claire.  Les IA ne montrent pas la r\u00e9alit\u00e9 (ok, c&rsquo;est questionnable), mais montrent ce que le peuple pense r\u00e9ellement.<\/p>\n\n\n\n<p class=\"wp-block-paragraph\">Le pr\u00e9sident am\u00e9ricain n&rsquo;est pas un clown, c&rsquo;est un fait.  Il est un \u00e9lu \u00e0 la plus haute fonction des \u00c9tats-Unis.  Il dicte sa volont\u00e9 et tous le suivent, aveugl\u00e9ment pour la plupart.  Il d\u00e9clenche une guerre pour d\u00e9tourner l&rsquo;attention de l&rsquo;affaire Epstein, l&rsquo;arm\u00e9e le suit.  Tirer l&rsquo;\u00e9conomie mondiale par le fonds n&rsquo;a aucune importance, sa population qui souffre par les hausses de prix et l&rsquo;inimiti\u00e9 grandissante pour eux n&rsquo;a aucun impact sur ses d\u00e9cisions.<\/p>\n\n\n\n<p class=\"wp-block-paragraph\">Le pr\u00e9sident am\u00e9ricain actuel agit comme un clown.  <\/p>\n\n\n\n<p class=\"wp-block-paragraph\">Un clown est un artiste, oeuvrant g\u00e9n\u00e9ralement en spectacle, souvent dans un cirque.  Il inspire des \u00e9motions.<\/p>\n\n\n\n<p class=\"wp-block-paragraph\">Le pr\u00e9sident am\u00e9ricain actuel n&rsquo;est pas un artiste.  Pour le reste, il se donne en spectacle, et s&rsquo;est entour\u00e9 d&rsquo;un cirque, et il inspire des \u00e9motions \u00ab\u00a0tr\u00e8s n\u00e9gatives\u00a0\u00bb.  Ce qui nous permet de lui attribuer ce titre honorifique de \u00ab\u00a0Clown\u00a0\u00bb<\/p>\n\n\n\n<p class=\"wp-block-paragraph\">Il ne lui reste qu&rsquo;\u00e0 renommer la maison blanche:  Trump Barnum &amp; Bailey, et il aura officiellement droit au titre.<\/p>\n","protected":false},"excerpt":{"rendered":"<p>Cet article a tr\u00e8s indirectement rapport \u00e0 ce site web sur les \u00e9lections au Qu\u00e9bec en 2026.Je voulais v\u00e9rifier la date de fin de mandat du pr\u00e9sident am\u00e9ricain actuel. Je sais que c&rsquo;est une information triviale, soyez charitable&#8230; Alors, j&rsquo;ai pos\u00e9 la question au premier IA que j&rsquo;avais sous la main, et \u00e0 ce moment,<\/p>\n","protected":false},"author":4,"featured_media":0,"comment_status":"open","ping_status":"open","sticky":false,"template":"","format":"standard","meta":{"footnotes":""},"categories":[11],"tags":[],"class_list":["post-35","post","type-post","status-publish","format-standard","hentry","category-usa"],"_links":{"self":[{"href":"https:\/\/election2026.2qc.ca\/index.php?rest_route=\/wp\/v2\/posts\/35","targetHints":{"allow":["GET"]}}],"collection":[{"href":"https:\/\/election2026.2qc.ca\/index.php?rest_route=\/wp\/v2\/posts"}],"about":[{"href":"https:\/\/election2026.2qc.ca\/index.php?rest_route=\/wp\/v2\/types\/post"}],"author":[{"embeddable":true,"href":"https:\/\/election2026.2qc.ca\/index.php?rest_route=\/wp\/v2\/users\/4"}],"replies":[{"embeddable":true,"href":"https:\/\/election2026.2qc.ca\/index.php?rest_route=%2Fwp%2Fv2%2Fcomments&post=35"}],"version-history":[{"count":1,"href":"https:\/\/election2026.2qc.ca\/index.php?rest_route=\/wp\/v2\/posts\/35\/revisions"}],"predecessor-version":[{"id":42,"href":"https:\/\/election2026.2qc.ca\/index.php?rest_route=\/wp\/v2\/posts\/35\/revisions\/42"}],"wp:attachment":[{"href":"https:\/\/election2026.2qc.ca\/index.php?rest_route=%2Fwp%2Fv2%2Fmedia&parent=35"}],"wp:term":[{"taxonomy":"category","embeddable":true,"href":"https:\/\/election2026.2qc.ca\/index.php?rest_route=%2Fwp%2Fv2%2Fcategories&post=35"},{"taxonomy":"post_tag","embeddable":true,"href":"https:\/\/election2026.2qc.ca\/index.php?rest_route=%2Fwp%2Fv2%2Ftags&post=35"}],"curies":[{"name":"wp","href":"https:\/\/api.w.org\/{rel}","templated":true}]}}