{"id":33,"date":"2026-09-05T07:59:50","date_gmt":"2026-09-05T11:59:50","guid":{"rendered":"https:\/\/election2026.2qc.ca\/?p=33"},"modified":"2026-09-05T08:04:39","modified_gmt":"2026-09-05T12:04:39","slug":"les-promesses-du-parti-quebecois","status":"publish","type":"post","link":"https:\/\/election2026.2qc.ca\/?p=33","title":{"rendered":"Les promesses du Parti Qu\u00e9b\u00e9cois"},"content":{"rendered":"\n<p class=\"wp-block-paragraph\">Le PQ se voit au pouvoir, et les sondages lui donnent raison.  Un gouvernement majoritaire ne semble plus \u00eatre \u00e0 port\u00e9e de main suite aux gains r\u00e9cents de la CAQ au d\u00e9triment des lib\u00e9raux, les p\u00e9quistes restant relativement stables, pas de gain, mais plus important, pas de perte non plus.<\/p>\n\n\n\n<p class=\"wp-block-paragraph\">Leurs promesses tiennent donc d&rsquo;un gouvernement en devenir, elle doivent donc \u00eatre r\u00e9alistes, moins \u00ab\u00a0dans les nuages\u00a0\u00bb.  Un parti qui n&rsquo;a aucune chance d&rsquo;\u00eatre au pouvoir peut promettre la lune avec du cr\u00e9mage, il n&rsquo;a aucun risque d&rsquo;avoir \u00e0 faire ses preuves.  Mais ici, on est ailleurs, le PQ pourrait prendre le pouvoir, et si ca continue, ce sera le cas.<\/p>\n\n\n\n<p class=\"wp-block-paragraph\">Bien s\u00fbr la promesse num\u00e9ro 1, faite depuis longtemps, est de tenir un r\u00e9f\u00e9rendum sur la souverainet\u00e9 du Qu\u00e9bec d\u00e8s ce premier mandat.   Il a depuis l\u00e9g\u00e8rement recul\u00e9, le comportement de l&rsquo;ex-ami du Canada, dirig\u00e9 par un clown, accompagn\u00e9s de plusieurs jongleurs sans exp\u00e9rience, rendant ce pari plus risqu\u00e9.  Il a donc indiqu\u00e9 qu&rsquo;il remet le r\u00e9f\u00e9rendu \u00e0 \u00ab\u00a0apr\u00e8s le d\u00e9part de Trump\u00a0\u00bb, ce qui sera, au mieux, <\/p>\n\n\n\n<h3 class=\"wp-block-heading\">Priorit\u00e9s et promesses phares<\/h3>\n\n\n\n<ul class=\"wp-block-list\">\n<li><strong>\u00c9ducation<\/strong> :\n<ul class=\"wp-block-list\">\n<li>Cinq chantiers pour revaloriser l\u2019\u00e9cole publique.<\/li>\n\n\n\n<li>Liste obligatoire d\u2019\u0153uvres litt\u00e9raires qu\u00e9b\u00e9coises.<\/li>\n\n\n\n<li>Plus d\u2019heures d\u2019activit\u00e9 physique.<\/li>\n\n\n\n<li>Jumelage entre \u00e9coles des villes et r\u00e9gions pour favoriser la mixit\u00e9.<\/li>\n<\/ul>\n<\/li>\n\n\n\n<li><strong>Souverainet\u00e9<\/strong> : th\u00e8me r\u00e9current dans la campagne, r\u00e9f\u00e9rendum apr\u00e8s le d\u00e9part de Trump<\/li>\n\n\n\n<li><strong>Tenir des \u00c9tats g\u00e9n\u00e9raux sur l\u2019avenir de l\u2019\u00e9ducation<\/strong><\/li>\n\n\n\n<li><strong>Renforcer l\u2019enseignement de la musique et du chant<\/strong>.<\/li>\n<\/ul>\n\n\n\n<p class=\"wp-block-paragraph\">Si vous \u00eates un repr\u00e9sentant officiel ou reconnu du PQ, ou si vous \u00eates un partisan convaincu, n\u2019h\u00e9sitez pas \u00e0 ajouter en commentaire d\u2019autres promesses que nous aurions oubli\u00e9. N\u2019oubliez pas que la courtoisie s\u2019impose et que les commentaires inappropri\u00e9s seront effac\u00e9s sans autre forme de proc\u00e8s.<\/p>\n\n\n\n<p class=\"wp-block-paragraph\"><\/p>\n","protected":false},"excerpt":{"rendered":"<p>Le PQ se voit au pouvoir, et les sondages lui donnent raison. Un gouvernement majoritaire ne semble plus \u00eatre \u00e0 port\u00e9e de main suite aux gains r\u00e9cents de la CAQ au d\u00e9triment des lib\u00e9raux, les p\u00e9quistes restant relativement stables, pas de gain, mais plus important, pas de perte non plus. Leurs promesses tiennent donc d&rsquo;un<\/p>\n","protected":false},"author":4,"featured_media":0,"comment_status":"open","ping_status":"open","sticky":false,"template":"","format":"standard","meta":{"footnotes":""},"categories":[7,5],"tags":[],"class_list":["post-33","post","type-post","status-publish","format-standard","hentry","category-pq","category-promesses"],"_links":{"self":[{"href":"https:\/\/election2026.2qc.ca\/index.php?rest_route=\/wp\/v2\/posts\/33","targetHints":{"allow":["GET"]}}],"collection":[{"href":"https:\/\/election2026.2qc.ca\/index.php?rest_route=\/wp\/v2\/posts"}],"about":[{"href":"https:\/\/election2026.2qc.ca\/index.php?rest_route=\/wp\/v2\/types\/post"}],"author":[{"embeddable":true,"href":"https:\/\/election2026.2qc.ca\/index.php?rest_route=\/wp\/v2\/users\/4"}],"replies":[{"embeddable":true,"href":"https:\/\/election2026.2qc.ca\/index.php?rest_route=%2Fwp%2Fv2%2Fcomments&post=33"}],"version-history":[{"count":1,"href":"https:\/\/election2026.2qc.ca\/index.php?rest_route=\/wp\/v2\/posts\/33\/revisions"}],"predecessor-version":[{"id":43,"href":"https:\/\/election2026.2qc.ca\/index.php?rest_route=\/wp\/v2\/posts\/33\/revisions\/43"}],"wp:attachment":[{"href":"https:\/\/election2026.2qc.ca\/index.php?rest_route=%2Fwp%2Fv2%2Fmedia&parent=33"}],"wp:term":[{"taxonomy":"category","embeddable":true,"href":"https:\/\/election2026.2qc.ca\/index.php?rest_route=%2Fwp%2Fv2%2Fcategories&post=33"},{"taxonomy":"post_tag","embeddable":true,"href":"https:\/\/election2026.2qc.ca\/index.php?rest_route=%2Fwp%2Fv2%2Ftags&post=33"}],"curies":[{"name":"wp","href":"https:\/\/api.w.org\/{rel}","templated":true}]}}