{"id":25,"date":"2026-09-05T06:44:19","date_gmt":"2026-09-05T10:44:19","guid":{"rendered":"https:\/\/election2026.2qc.ca\/?p=25"},"modified":"2026-09-05T06:46:39","modified_gmt":"2026-09-05T10:46:39","slug":"la-campagne-du-parti-quebecois","status":"publish","type":"post","link":"https:\/\/election2026.2qc.ca\/?p=25","title":{"rendered":"La campagne du Parti Qu\u00e9b\u00e9cois"},"content":{"rendered":"\n<p class=\"wp-block-paragraph\">Alors qu&rsquo;ils se voyaient au pouvoir il y a quelques mois, l&rsquo;avenir est beaucoup moins certain.  <\/p>\n\n\n\n<p class=\"wp-block-paragraph\">Le pouvoir est toujours \u00e0 port\u00e9e de main si on se fie aux sondages, mais la variation caus\u00e9e par la perte et les gains d&rsquo;autres partis semblent mener vers un pouvoir minoritaire, qui lui mettra de s\u00e9rieux b\u00e2tons dans les roues pour son projet de r\u00e9f\u00e9rendum, maintenant repouss\u00e9 \u00e0 la fin de ce mandat, \u00ab\u00a0apr\u00e8s le d\u00e9part de Trump\u00a0\u00bb.  <\/p>\n\n\n\n<p class=\"wp-block-paragraph\">La question qui se pose d\u00e9j\u00e0 est de savoir si ce gouvernement survivra jusqu&rsquo;au d\u00e9part de Trump, une minorit\u00e9 le mettant en p\u00e9ril r\u00e9guli\u00e8rement, avec une nouvelle \u00e9lection.<\/p>\n\n\n\n<p class=\"wp-block-paragraph\">Un gouvernement p\u00e9quiste n&rsquo;aura pas de 2\u00e8me chance.  Ils devront faire tr\u00e8s bonne impression d\u00e8s le d\u00e9part s&rsquo;ils veulent devenir majoritaire lors de cette nouvelle \u00e9lection, et cela peut vouloir dire renoncer au projet de r\u00e9f\u00e9rendum, lequel n&rsquo;est pas souhait\u00e9 par une majorit\u00e9 de Qu\u00e9b\u00e9cois.<\/p>\n\n\n\n<p class=\"wp-block-paragraph\">Ou, \u00eatre dogmatique et maintenir le cap coute que coute, et ce cout sera de perdre les \u00e9lections suivantes avec comme m\u00eame r\u00e9sultat de ne pas avoir, et enterrer pour de bon ce projet de r\u00e9f\u00e9rendum.<\/p>\n\n\n\n<p class=\"wp-block-paragraph\">Le PQ est dans une tr\u00e8s mauvaise posture, son projet de r\u00e9f\u00e9rendum n&rsquo;\u00e9tant pas viable s&rsquo;il n&rsquo;obtiens pas une majorit\u00e9, et il faut le constater, ca ne semble pas \u00eatre parti dans cette direction.<\/p>\n\n\n\n<p class=\"wp-block-paragraph\">A ce moment, nous ne pouvons nous fier qu&rsquo;aux sondages, les \u00e9lections n&rsquo;\u00e9tant que le 5 octobre.  Il faut conclure que le Parti Qu\u00e9b\u00e9cois garde ses appuis, mais ne les augmentent pas.  Leurs promesses et sorties publiques sont bien re\u00e7ues mais ne cr\u00e9e pas de mouvement des ind\u00e9cis vers le PQ.  Le parti actuellement au pouvoir semble prendre les gains caus\u00e9s par l&rsquo;absence de popularit\u00e9 du message lib\u00e9ral.  Quant aux autres partis, quoi qu&rsquo;ils se maintiennent, le vote stat\u00e9gique semble prendre fome, et ce vote n&rsquo;est pas \u00e0 l&rsquo;avantage du Parti Qu\u00e9b\u00e9cois, la CAQ \u00e9tant le seul parti dont les appuis augmentent de mani\u00e8re mesurable.<\/p>\n","protected":false},"excerpt":{"rendered":"<p>Alors qu&rsquo;ils se voyaient au pouvoir il y a quelques mois, l&rsquo;avenir est beaucoup moins certain. Le pouvoir est toujours \u00e0 port\u00e9e de main si on se fie aux sondages, mais la variation caus\u00e9e par la perte et les gains d&rsquo;autres partis semblent mener vers un pouvoir minoritaire, qui lui mettra de s\u00e9rieux b\u00e2tons dans<\/p>\n","protected":false},"author":4,"featured_media":0,"comment_status":"open","ping_status":"open","sticky":false,"template":"","format":"standard","meta":{"footnotes":""},"categories":[7],"tags":[],"class_list":["post-25","post","type-post","status-publish","format-standard","hentry","category-pq"],"_links":{"self":[{"href":"https:\/\/election2026.2qc.ca\/index.php?rest_route=\/wp\/v2\/posts\/25","targetHints":{"allow":["GET"]}}],"collection":[{"href":"https:\/\/election2026.2qc.ca\/index.php?rest_route=\/wp\/v2\/posts"}],"about":[{"href":"https:\/\/election2026.2qc.ca\/index.php?rest_route=\/wp\/v2\/types\/post"}],"author":[{"embeddable":true,"href":"https:\/\/election2026.2qc.ca\/index.php?rest_route=\/wp\/v2\/users\/4"}],"replies":[{"embeddable":true,"href":"https:\/\/election2026.2qc.ca\/index.php?rest_route=%2Fwp%2Fv2%2Fcomments&post=25"}],"version-history":[{"count":1,"href":"https:\/\/election2026.2qc.ca\/index.php?rest_route=\/wp\/v2\/posts\/25\/revisions"}],"predecessor-version":[{"id":26,"href":"https:\/\/election2026.2qc.ca\/index.php?rest_route=\/wp\/v2\/posts\/25\/revisions\/26"}],"wp:attachment":[{"href":"https:\/\/election2026.2qc.ca\/index.php?rest_route=%2Fwp%2Fv2%2Fmedia&parent=25"}],"wp:term":[{"taxonomy":"category","embeddable":true,"href":"https:\/\/election2026.2qc.ca\/index.php?rest_route=%2Fwp%2Fv2%2Fcategories&post=25"},{"taxonomy":"post_tag","embeddable":true,"href":"https:\/\/election2026.2qc.ca\/index.php?rest_route=%2Fwp%2Fv2%2Ftags&post=25"}],"curies":[{"name":"wp","href":"https:\/\/api.w.org\/{rel}","templated":true}]}}