{"id":23,"date":"2026-09-05T06:27:46","date_gmt":"2026-09-05T10:27:46","guid":{"rendered":"https:\/\/election2026.2qc.ca\/?p=23"},"modified":"2026-09-05T06:33:16","modified_gmt":"2026-09-05T10:33:16","slug":"les-promesses-du-pcq","status":"publish","type":"post","link":"https:\/\/election2026.2qc.ca\/?p=23","title":{"rendered":"Les promesses du PCQ"},"content":{"rendered":"\n<p class=\"wp-block-paragraph\">D\u00e8s le d\u00e9but de la campagne, le PCQ a frapp\u00e9 l&rsquo;imaginaire en promettant une baisse drastique de la fonction publique \u00e9valu\u00e9e \u00e0 47 milliards.  Sa position diff\u00e9rente sur le 3\u00e8me lien, qui commence \u00e0 prendre forme avec un pont utilisant l&rsquo;Ile d&rsquo;Orl\u00e9ans comme tremplin et se situant \u00e0 l&rsquo;est de celle-ci prends son sens suite aux commentaires r\u00e9cents indiquant que la Ville de Qu\u00e9bec pourrait perdre son statut de ville du patrimoine de l&rsquo;UNESCO si le nouveau pont promis par la CAQ prenait forme \u00e0 l&rsquo;ouest de l&rsquo;Ile d&rsquo;Orl\u00e9ans, modifiant irr\u00e9m\u00e9diablement le paysage magnifique vu de Qu\u00e9bec.<\/p>\n\n\n\n<p class=\"wp-block-paragraph\">Les promesses phares:<\/p>\n\n\n\n<ul class=\"wp-block-list\">\n<li>R\u00e9duction de la taille de l\u2019\u00c9tat (alignement partiel avec CAQ et PQ).<\/li>\n\n\n\n<li><strong>Principale baisse d\u2019imp\u00f4t de la campagne<\/strong> : r\u00e9duction pouvant atteindre <strong>8726 $ sur 5 ans par contribuable<\/strong><\/li>\n\n\n\n<li><strong>Projet de 3e lien<\/strong> \u00e9valu\u00e9 \u00e0 <strong>3 G$<\/strong>.  Soit beaucoup moins que le projet du gouvernement actuel.<\/li>\n<\/ul>\n\n\n\n<p class=\"wp-block-paragraph\">Si vous \u00eates un repr\u00e9sentant officiel ou reconnu du PCQ, ou si vous \u00eates un partisan convaincu, n\u2019h\u00e9sitez pas \u00e0 ajouter en commentaire d\u2019autres promesses que nous aurions oubli\u00e9. N\u2019oubliez pas que la courtoisie s\u2019impose et que les commentaires inappropri\u00e9s seront effac\u00e9s sans autre forme de proc\u00e8s.<\/p>\n","protected":false},"excerpt":{"rendered":"<p>D\u00e8s le d\u00e9but de la campagne, le PCQ a frapp\u00e9 l&rsquo;imaginaire en promettant une baisse drastique de la fonction publique \u00e9valu\u00e9e \u00e0 47 milliards. Sa position diff\u00e9rente sur le 3\u00e8me lien, qui commence \u00e0 prendre forme avec un pont utilisant l&rsquo;Ile d&rsquo;Orl\u00e9ans comme tremplin et se situant \u00e0 l&rsquo;est de celle-ci prends son sens suite<\/p>\n","protected":false},"author":4,"featured_media":0,"comment_status":"open","ping_status":"open","sticky":false,"template":"","format":"standard","meta":{"footnotes":""},"categories":[8,5],"tags":[],"class_list":["post-23","post","type-post","status-publish","format-standard","hentry","category-pcq","category-promesses"],"_links":{"self":[{"href":"https:\/\/election2026.2qc.ca\/index.php?rest_route=\/wp\/v2\/posts\/23","targetHints":{"allow":["GET"]}}],"collection":[{"href":"https:\/\/election2026.2qc.ca\/index.php?rest_route=\/wp\/v2\/posts"}],"about":[{"href":"https:\/\/election2026.2qc.ca\/index.php?rest_route=\/wp\/v2\/types\/post"}],"author":[{"embeddable":true,"href":"https:\/\/election2026.2qc.ca\/index.php?rest_route=\/wp\/v2\/users\/4"}],"replies":[{"embeddable":true,"href":"https:\/\/election2026.2qc.ca\/index.php?rest_route=%2Fwp%2Fv2%2Fcomments&post=23"}],"version-history":[{"count":1,"href":"https:\/\/election2026.2qc.ca\/index.php?rest_route=\/wp\/v2\/posts\/23\/revisions"}],"predecessor-version":[{"id":24,"href":"https:\/\/election2026.2qc.ca\/index.php?rest_route=\/wp\/v2\/posts\/23\/revisions\/24"}],"wp:attachment":[{"href":"https:\/\/election2026.2qc.ca\/index.php?rest_route=%2Fwp%2Fv2%2Fmedia&parent=23"}],"wp:term":[{"taxonomy":"category","embeddable":true,"href":"https:\/\/election2026.2qc.ca\/index.php?rest_route=%2Fwp%2Fv2%2Fcategories&post=23"},{"taxonomy":"post_tag","embeddable":true,"href":"https:\/\/election2026.2qc.ca\/index.php?rest_route=%2Fwp%2Fv2%2Ftags&post=23"}],"curies":[{"name":"wp","href":"https:\/\/api.w.org\/{rel}","templated":true}]}}