{"id":20,"date":"2026-09-05T06:18:46","date_gmt":"2026-09-05T10:18:46","guid":{"rendered":"https:\/\/election2026.2qc.ca\/?p=20"},"modified":"2026-09-05T06:33:26","modified_gmt":"2026-09-05T10:33:26","slug":"les-promesses-de-la-caq","status":"publish","type":"post","link":"https:\/\/election2026.2qc.ca\/?p=20","title":{"rendered":"Les promesses de la CAQ"},"content":{"rendered":"\n<p class=\"wp-block-paragraph\">Suite \u00e0 une pr\u00e9-campagne qui a permis \u00e0 la nouvelle Premier Ministre Fr\u00e9chette de mettre en place une s\u00e9rie de nouvelles mesures, incluant des ententes avec le f\u00e9d\u00e9ral et d&rsquo;autres provinces, les habituelles promesses \u00e9lectorales fusent.<\/p>\n\n\n\n<p class=\"wp-block-paragraph\">En date du 5 septembre:<\/p>\n\n\n\n<ul class=\"wp-block-list\">\n<li><strong>Cadre financier de 9,7 G$ sur 5 ans<\/strong> pour l\u2019ensemble des engagements.<\/li>\n\n\n\n<li><strong>Soutien \u00e0 domicile<\/strong> : investissement de <strong>1 G$<\/strong> pour r\u00e9duire les d\u00e9lais pour les a\u00een\u00e9s.<\/li>\n\n\n\n<li><strong>Cr\u00e9dit d\u2019imp\u00f4t bonifi\u00e9<\/strong> de <strong>200 $\/an<\/strong> pour les a\u00een\u00e9s.<\/li>\n\n\n\n<li><strong>R\u00e9pit fiscal<\/strong> pour les travailleurs de <strong>65 ans et plus<\/strong>.<\/li>\n\n\n\n<li><strong>Augmenter les places en h\u00e9bergement pour femmes victimes de violence<\/strong>.<\/li>\n\n\n\n<li><strong>Contrat de 70 G$ pour Churchill Falls<\/strong> afin d\u2019assurer l\u2019approvisionnement \u00e9lectrique.<\/li>\n\n\n\n<li><strong>\u00c9quilibre budg\u00e9taire d\u2019ici 2030<\/strong>, sans baisse d\u2019imp\u00f4t avant cette date.<\/li>\n\n\n\n<li><strong>R\u00e9duction de la paperasse<\/strong> et <strong>abolition de 2900 postes<\/strong> dans la fonction publique d\u2019ici 2029.<\/li>\n\n\n\n<li><strong>Automatisation par IA<\/strong> et principe \u00ab une exigence ajout\u00e9e, deux retir\u00e9es \u00bb.<\/li>\n<\/ul>\n\n\n\n<p class=\"wp-block-paragraph\">Si vous \u00eates un repr\u00e9sentant officiel ou reconnu de la CAQ, ou si vous \u00eates un partisan convaincu, n&rsquo;h\u00e9sitez pas \u00e0 ajouter en commentaire d&rsquo;autres promesses que nous aurions oubli\u00e9.  N&rsquo;oubliez pas que la courtoisie s&rsquo;impose et que les commentaires inappropri\u00e9s seront effac\u00e9s sans autre forme de proc\u00e8s.<\/p>\n","protected":false},"excerpt":{"rendered":"<p>Suite \u00e0 une pr\u00e9-campagne qui a permis \u00e0 la nouvelle Premier Ministre Fr\u00e9chette de mettre en place une s\u00e9rie de nouvelles mesures, incluant des ententes avec le f\u00e9d\u00e9ral et d&rsquo;autres provinces, les habituelles promesses \u00e9lectorales fusent. En date du 5 septembre: Si vous \u00eates un repr\u00e9sentant officiel ou reconnu de la CAQ, ou si vous<\/p>\n","protected":false},"author":4,"featured_media":0,"comment_status":"open","ping_status":"open","sticky":false,"template":"","format":"standard","meta":{"footnotes":""},"categories":[6,5],"tags":[],"class_list":["post-20","post","type-post","status-publish","format-standard","hentry","category-caq","category-promesses"],"_links":{"self":[{"href":"https:\/\/election2026.2qc.ca\/index.php?rest_route=\/wp\/v2\/posts\/20","targetHints":{"allow":["GET"]}}],"collection":[{"href":"https:\/\/election2026.2qc.ca\/index.php?rest_route=\/wp\/v2\/posts"}],"about":[{"href":"https:\/\/election2026.2qc.ca\/index.php?rest_route=\/wp\/v2\/types\/post"}],"author":[{"embeddable":true,"href":"https:\/\/election2026.2qc.ca\/index.php?rest_route=\/wp\/v2\/users\/4"}],"replies":[{"embeddable":true,"href":"https:\/\/election2026.2qc.ca\/index.php?rest_route=%2Fwp%2Fv2%2Fcomments&post=20"}],"version-history":[{"count":1,"href":"https:\/\/election2026.2qc.ca\/index.php?rest_route=\/wp\/v2\/posts\/20\/revisions"}],"predecessor-version":[{"id":22,"href":"https:\/\/election2026.2qc.ca\/index.php?rest_route=\/wp\/v2\/posts\/20\/revisions\/22"}],"wp:attachment":[{"href":"https:\/\/election2026.2qc.ca\/index.php?rest_route=%2Fwp%2Fv2%2Fmedia&parent=20"}],"wp:term":[{"taxonomy":"category","embeddable":true,"href":"https:\/\/election2026.2qc.ca\/index.php?rest_route=%2Fwp%2Fv2%2Fcategories&post=20"},{"taxonomy":"post_tag","embeddable":true,"href":"https:\/\/election2026.2qc.ca\/index.php?rest_route=%2Fwp%2Fv2%2Ftags&post=20"}],"curies":[{"name":"wp","href":"https:\/\/api.w.org\/{rel}","templated":true}]}}